{"id":7333,"date":"2023-01-08T18:18:02","date_gmt":"2023-01-08T17:18:02","guid":{"rendered":"http:\/\/bkwsb.kbsolution.pl\/?p=7333"},"modified":"2023-03-15T21:23:57","modified_gmt":"2023-03-15T20:23:57","slug":"i-lubuska-konferencja-hr","status":"publish","type":"post","link":"https:\/\/biurokarier.wsb.gorzow.pl\/index.php\/2023\/01\/08\/i-lubuska-konferencja-hr\/","title":{"rendered":"I Lubuska Konferencja HR"},"content":{"rendered":"<p><span style=\"font-weight: 400;\">18 stycznia 2023 r. odby\u0142a si\u0119 I Lubuska Konferencja HR organizowana przez Fundacj\u0119 dla Kobiet Autentycznych. Wsp\u00f3\u0142organizatorem konferencji by\u0142a Wy\u017csza Szko\u0142a Biznesu w Gorzowie Wlkp.<\/span><\/p>\n<p><strong>Podczas wydarzenia wyst\u0105pi\u0142y m.in.:<\/strong><\/p>\n<ul>\n<li style=\"font-weight: 400;\" aria-level=\"1\"><span style=\"font-weight: 400;\">dr Anna Czekirda &#8211; Rektor WSB, prelekcja pt. KOBIETA-LIDER,<\/span><\/li>\n<li style=\"font-weight: 400;\" aria-level=\"1\"><span style=\"font-weight: 400;\">dr Ewa Pawlak &#8211; dyrektor Muzeum Lubuskiego oraz wyk\u0142adowca WSB &#8211; udzia\u0142 w panelu dyskusyjnym,<\/span><\/li>\n<li style=\"font-weight: 400;\" aria-level=\"1\"><span style=\"font-weight: 400;\">Anna Starzy\u0144ska-Maniecka &#8211; mediatorka Lubuskie Centrum Arbitra\u017cu i Mediacji SI\u0141A ZGODY przy WSB oraz wyk\u0142adowca WSB &#8211; udzia\u0142 w panelu dyskusyjnym,<\/span><\/li>\n<li style=\"font-weight: 400;\" aria-level=\"1\"><span style=\"font-weight: 400;\">Anna Dziwulska &#8211; coach, mentor oraz wyk\u0142adowca WSB &#8211; udzia\u0142 w panelu dyskusyjnym.<\/span><\/li>\n<\/ul>\n<p><span style=\"font-weight: 400;\">Tematyka HR spotka\u0142a si\u0119 z du\u017cym zainteresowaniem ryku pracy. W konferencji udzia\u0142 wzi\u0119\u0142o tak\u017ce wiele os\u00f3b zwi\u0105zanych z WSB, w tym studenci, absolwenci oraz pracownicy naszej Uczelni.\u00a0<\/span><\/p>\n<p><a href=\"https:\/\/www.facebook.com\/kobietyautentyczne\"><span style=\"font-weight: 400;\">https:\/\/www.facebook.com\/kobietyautentyczne<\/span><\/a><\/p>\n<p><a href=\"https:\/\/www.facebook.com\/wsbgorzow\"><span style=\"font-weight: 400;\">https:\/\/www.facebook.com\/wsbgorzow<\/span><\/a><\/p>\n","protected":false},"excerpt":{"rendered":"<p>18 stycznia 2023 r. odby\u0142a si\u0119 I Lubuska Konferencja HR organizowana przez Fundacj\u0119 dla Kobiet Autentycznych. Wsp\u00f3\u0142organizatorem konferencji by\u0142a Wy\u017csza Szko\u0142a Biznesu w Gorzowie Wlkp. Podczas wydarzenia wyst\u0105pi\u0142y m.in.: dr Anna Czekirda &#8211; Rektor WSB, prelekcja pt. KOBIETA-LIDER, dr Ewa Pawlak &#8211; dyrektor Muzeum Lubuskiego oraz wyk\u0142adowca WSB &#8211; udzia\u0142 w panelu dyskusyjnym, Anna Starzy\u0144ska-Maniecka [&hellip;]<\/p>\n","protected":false},"author":1,"featured_media":7595,"comment_status":"open","ping_status":"open","sticky":false,"template":"","format":"standard","meta":{"inline_featured_image":false,"_mi_skip_tracking":false,"_monsterinsights_sitenote_active":false,"_monsterinsights_sitenote_note":"","_monsterinsights_sitenote_category":0,"footnotes":""},"categories":[230],"tags":[],"class_list":["post-7333","post","type-post","status-publish","format-standard","has-post-thumbnail","hentry","category-konferencje"],"aioseo_notices":[],"_links":{"self":[{"href":"https:\/\/biurokarier.wsb.gorzow.pl\/index.php\/wp-json\/wp\/v2\/posts\/7333","targetHints":{"allow":["GET"]}}],"collection":[{"href":"https:\/\/biurokarier.wsb.gorzow.pl\/index.php\/wp-json\/wp\/v2\/posts"}],"about":[{"href":"https:\/\/biurokarier.wsb.gorzow.pl\/index.php\/wp-json\/wp\/v2\/types\/post"}],"author":[{"embeddable":true,"href":"https:\/\/biurokarier.wsb.gorzow.pl\/index.php\/wp-json\/wp\/v2\/users\/1"}],"replies":[{"embeddable":true,"href":"https:\/\/biurokarier.wsb.gorzow.pl\/index.php\/wp-json\/wp\/v2\/comments?post=7333"}],"version-history":[{"count":1,"href":"https:\/\/biurokarier.wsb.gorzow.pl\/index.php\/wp-json\/wp\/v2\/posts\/7333\/revisions"}],"predecessor-version":[{"id":7337,"href":"https:\/\/biurokarier.wsb.gorzow.pl\/index.php\/wp-json\/wp\/v2\/posts\/7333\/revisions\/7337"}],"wp:featuredmedia":[{"embeddable":true,"href":"https:\/\/biurokarier.wsb.gorzow.pl\/index.php\/wp-json\/wp\/v2\/media\/7595"}],"wp:attachment":[{"href":"https:\/\/biurokarier.wsb.gorzow.pl\/index.php\/wp-json\/wp\/v2\/media?parent=7333"}],"wp:term":[{"taxonomy":"category","embeddable":true,"href":"https:\/\/biurokarier.wsb.gorzow.pl\/index.php\/wp-json\/wp\/v2\/categories?post=7333"},{"taxonomy":"post_tag","embeddable":true,"href":"https:\/\/biurokarier.wsb.gorzow.pl\/index.php\/wp-json\/wp\/v2\/tags?post=7333"}],"curies":[{"name":"wp","href":"https:\/\/api.w.org\/{rel}","templated":true}]}}