{"id":7835,"date":"2024-11-13T09:18:53","date_gmt":"2024-11-13T08:18:53","guid":{"rendered":"https:\/\/biurokarier.wsb.gorzow.pl\/?p=7835"},"modified":"2024-12-05T01:20:35","modified_gmt":"2024-12-05T00:20:35","slug":"zapraszamy-do-udzialu-w-projekcie-lll-dialog-z-przyszloscia","status":"publish","type":"post","link":"https:\/\/biurokarier.wsb.gorzow.pl\/index.php\/2024\/11\/13\/zapraszamy-do-udzialu-w-projekcie-lll-dialog-z-przyszloscia\/","title":{"rendered":"Zapraszamy do udzia\u0142u w Projekcie \u201eLLL Dialog z przysz\u0142o\u015bci\u0105\u201d"},"content":{"rendered":"<div class=\"wpb_text_column wpb_content_element \" data-swp-font-size=\"14px\">\n<div class=\"wpb_wrapper\" data-swp-font-size=\"14px\">\n<div class=\"xdj266r x11i5rnm xat24cr x1mh8g0r x1vvkbs x126k92a\" data-swp-font-size=\"14px\">\n<div dir=\"auto\" data-swp-font-size=\"14px\">Wy\u017csza Szko\u0142a Biznesu w Gorzowie Wielkopolskim w partnerstwie z\u00a0<span class=\"html-span xdj266r x11i5rnm xat24cr x1mh8g0r xexx8yu x4uap5 x18d9i69 xkhd6sd x1hl2dhg x16tdsg8 x1vvkbs\" data-swp-font-size=\"14px\"><a class=\"x1i10hfl xjbqb8w x1ejq31n xd10rxx x1sy0etr x17r0tee x972fbf xcfux6l x1qhh985 xm0m39n x9f619 x1ypdohk xt0psk2 xe8uvvx xdj266r x11i5rnm xat24cr x1mh8g0r xexx8yu x4uap5 x18d9i69 xkhd6sd x16tdsg8 x1hl2dhg xggy1nq x1a2a7pz x1sur9pj xkrqix3 x1fey0fg xo1l8bm\" tabindex=\"0\" role=\"link\" href=\"https:\/\/www.facebook.com\/ZachodniaIzba?__cft__[0]=AZXdSuvjcqXtR1xPUVD366T3p7Nf_Q4H6KKPWyD44ExtcANRqEv_R68XuU1cgNyP13gi71QXYe5rjbPhYmKvIxfGC_qe5niRqU0nMoT_9poLJUYr0rRH0-eB70HnJMRsW5q2lEHgYRZuBZPt-tlU3A8GVJ53zwGJbV03R_Ngoedj28klUOqd-coVd4Bfy2AQrICY6trDJ4IjYMh_AcJZAZbj&amp;__tn__=-]K-R\"><span class=\"xt0psk2\" data-swp-font-size=\"14px\">Zachodnia Izba Przemys\u0142owo-Handlowa<\/span><\/a><\/span>\u00a0oraz\u00a0<span class=\"html-span xdj266r x11i5rnm xat24cr x1mh8g0r xexx8yu x4uap5 x18d9i69 xkhd6sd x1hl2dhg x16tdsg8 x1vvkbs\" data-swp-font-size=\"14px\"><a class=\"x1i10hfl xjbqb8w x1ejq31n xd10rxx x1sy0etr x17r0tee x972fbf xcfux6l x1qhh985 xm0m39n x9f619 x1ypdohk xt0psk2 xe8uvvx xdj266r x11i5rnm xat24cr x1mh8g0r xexx8yu x4uap5 x18d9i69 xkhd6sd x16tdsg8 x1hl2dhg xggy1nq x1a2a7pz x1sur9pj xkrqix3 x1fey0fg xo1l8bm\" tabindex=\"0\" role=\"link\" href=\"https:\/\/www.facebook.com\/WZDZ.GW?__cft__[0]=AZXdSuvjcqXtR1xPUVD366T3p7Nf_Q4H6KKPWyD44ExtcANRqEv_R68XuU1cgNyP13gi71QXYe5rjbPhYmKvIxfGC_qe5niRqU0nMoT_9poLJUYr0rRH0-eB70HnJMRsW5q2lEHgYRZuBZPt-tlU3A8GVJ53zwGJbV03R_Ngoedj28klUOqd-coVd4Bfy2AQrICY6trDJ4IjYMh_AcJZAZbj&amp;__tn__=-]K-R\"><span class=\"xt0psk2\" data-swp-font-size=\"14px\">Wojew\u00f3dzki Zak\u0142ad Doskonalenia Zawodowego w Gorzowie Wlkp.<\/span><\/a><\/span>\u00a0realizuj\u0105 ze \u015brodk\u00f3w Fundusze Europejskie dla Rozwoju Spo\u0142ecznego projekt:\u00a0<strong>\u201eLLL \u2013 DIALOG Z PRZYSZ\u0141O\u015aCI\u0104\u201d<\/strong>.<\/div>\n<\/div>\n<div class=\"x11i5rnm xat24cr x1mh8g0r x1vvkbs xtlvy1s x126k92a\" data-swp-font-size=\"14px\">\n<ul>\n<li dir=\"auto\" data-swp-font-size=\"14px\"><strong>Termin realizacji projektu<\/strong>: od 01.09.2024 r. do 31.08.2026 r.<\/li>\n<li dir=\"auto\" data-swp-font-size=\"14px\"><strong>Projekt jest wsp\u00f3\u0142finansowany przez Uni\u0119 Europejsk\u0105<\/strong>\u00a0w ramach programu Fundusze Europejskie dla Rozwoju Spo\u0142ecznego Priorytetu FERS.01.00, Dzia\u0142ania FERS. 01.05, w zakresie interwencji: Wsparcie na rzecz szkolnictwa wy\u017cszego.<\/li>\n<li dir=\"auto\" data-swp-font-size=\"14px\"><strong>Ca\u0142kowity koszt projektu<\/strong>: 2 504 030,70 z\u0142. Dofinansowanie projektu: 2 428 606,74 z\u0142, w tym ze \u015brodk\u00f3w europejskich: 2 066 326,13 z\u0142.<\/li>\n<li dir=\"auto\" data-swp-font-size=\"14px\"><strong>Celem g\u0142\u00f3wnym projektu<\/strong>\u00a0jest dostosowanie kwalifikacji lub kompetencji co najmniej 400 os\u00f3b doros\u0142ych niezale\u017cnie od p\u0142ci (18-65 lat) do potrzeb i oczekiwa\u0144 firm i rynku pracy z wykorzystaniem nowoczesnej oferty uczelni w zakresie uczenia si\u0119 doros\u0142ych poprzez udzia\u0142 w praktycznych formach szkoleniowych (warsztatach, kursach, immersion).<\/li>\n<li dir=\"auto\" data-swp-font-size=\"14px\"><strong>Szkoleniami obj\u0119te zostan\u0105 nast\u0119puj\u0105ce grupy beneficjent\u00f3w<\/strong>\u00a0(w wieku 18-65 lat):\n<ul>\n<li dir=\"auto\" data-swp-font-size=\"14px\">mikroprzedsi\u0119biorcy lub inne osoby, kt\u00f3re planuj\u0105 za\u0142o\u017cenie w\u0142asnej dzia\u0142alno\u015bci gospodarczej,<\/li>\n<li dir=\"auto\" data-swp-font-size=\"14px\">pracownicy firm i instytucji, w tym urz\u0119d\u00f3w administracji publicznej, w tym uchod\u017acy z Ukrainy,<\/li>\n<li dir=\"auto\" data-swp-font-size=\"14px\">menad\u017cerowie,<\/li>\n<li dir=\"auto\" data-swp-font-size=\"14px\">uczniowie ostatnich klas szk\u00f3\u0142 ponadpodstawowych przygotowuj\u0105cy si\u0119 do wej\u015bcia na rynek pracy.<\/li>\n<\/ul>\n<\/li>\n<\/ul>\n<p data-swp-font-size=\"14px\"><strong>INFORMACJE O PROJEKCIE:<\/strong>\u00a0<a href=\"https:\/\/www.wsb.gorzow.pl\/lll-dialog-z-przyszloscia\/\">https:\/\/www.wsb.gorzow.pl\/lll-dialog-z-przyszloscia\/<\/a><\/p>\n<\/div>\n<div class=\"x11i5rnm xat24cr x1mh8g0r x1vvkbs xtlvy1s x126k92a\" data-swp-font-size=\"14px\">\n<div dir=\"auto\" data-swp-font-size=\"14px\"><\/div>\n<div dir=\"auto\" data-swp-font-size=\"14px\"><span class=\"html-span xdj266r x11i5rnm xat24cr x1mh8g0r xexx8yu x4uap5 x18d9i69 xkhd6sd x1hl2dhg x16tdsg8 x1vvkbs\" data-swp-font-size=\"14px\"><a class=\"x1i10hfl xjbqb8w x1ejq31n xd10rxx x1sy0etr x17r0tee x972fbf xcfux6l x1qhh985 xm0m39n x9f619 x1ypdohk xt0psk2 xe8uvvx xdj266r x11i5rnm xat24cr x1mh8g0r xexx8yu x4uap5 x18d9i69 xkhd6sd x16tdsg8 x1hl2dhg xggy1nq x1a2a7pz x1sur9pj xkrqix3 x1fey0fg xo1l8bm\" tabindex=\"0\" role=\"link\" href=\"https:\/\/www.facebook.com\/hashtag\/funduszeue?__eep__=6&amp;__cft__[0]=AZXdSuvjcqXtR1xPUVD366T3p7Nf_Q4H6KKPWyD44ExtcANRqEv_R68XuU1cgNyP13gi71QXYe5rjbPhYmKvIxfGC_qe5niRqU0nMoT_9poLJUYr0rRH0-eB70HnJMRsW5q2lEHgYRZuBZPt-tlU3A8GVJ53zwGJbV03R_Ngoedj28klUOqd-coVd4Bfy2AQrICY6trDJ4IjYMh_AcJZAZbj&amp;__tn__=*NK-R\">#FunduszeUE<\/a><\/span>\u00a0<span class=\"html-span xdj266r x11i5rnm xat24cr x1mh8g0r xexx8yu x4uap5 x18d9i69 xkhd6sd x1hl2dhg x16tdsg8 x1vvkbs\" data-swp-font-size=\"14px\"><a class=\"x1i10hfl xjbqb8w x1ejq31n xd10rxx x1sy0etr x17r0tee x972fbf xcfux6l x1qhh985 xm0m39n x9f619 x1ypdohk xt0psk2 xe8uvvx xdj266r x11i5rnm xat24cr x1mh8g0r xexx8yu x4uap5 x18d9i69 xkhd6sd x16tdsg8 x1hl2dhg xggy1nq x1a2a7pz x1sur9pj xkrqix3 x1fey0fg xo1l8bm\" tabindex=\"0\" role=\"link\" href=\"https:\/\/www.facebook.com\/hashtag\/funduszeeuropejskie?__eep__=6&amp;__cft__[0]=AZXdSuvjcqXtR1xPUVD366T3p7Nf_Q4H6KKPWyD44ExtcANRqEv_R68XuU1cgNyP13gi71QXYe5rjbPhYmKvIxfGC_qe5niRqU0nMoT_9poLJUYr0rRH0-eB70HnJMRsW5q2lEHgYRZuBZPt-tlU3A8GVJ53zwGJbV03R_Ngoedj28klUOqd-coVd4Bfy2AQrICY6trDJ4IjYMh_AcJZAZbj&amp;__tn__=*NK-R\">#FunduszeEuropejskie<\/a><\/span><\/div>\n<\/div>\n<\/div>\n<\/div>\n","protected":false},"excerpt":{"rendered":"<p>Wy\u017csza Szko\u0142a Biznesu w Gorzowie Wielkopolskim w partnerstwie z\u00a0Zachodnia Izba Przemys\u0142owo-Handlowa\u00a0oraz\u00a0Wojew\u00f3dzki Zak\u0142ad Doskonalenia Zawodowego w Gorzowie Wlkp.\u00a0realizuj\u0105 ze \u015brodk\u00f3w Fundusze Europejskie dla Rozwoju Spo\u0142ecznego projekt:\u00a0\u201eLLL \u2013 DIALOG Z PRZYSZ\u0141O\u015aCI\u0104\u201d. Termin realizacji projektu: od 01.09.2024 r. do 31.08.2026 r. Projekt jest wsp\u00f3\u0142finansowany przez Uni\u0119 Europejsk\u0105\u00a0w ramach programu Fundusze Europejskie dla Rozwoju Spo\u0142ecznego Priorytetu FERS.01.00, Dzia\u0142ania FERS. [&hellip;]<\/p>\n","protected":false},"author":63,"featured_media":7836,"comment_status":"open","ping_status":"open","sticky":false,"template":"","format":"standard","meta":{"inline_featured_image":false,"_mi_skip_tracking":false,"_monsterinsights_sitenote_active":false,"_monsterinsights_sitenote_note":"","_monsterinsights_sitenote_category":0,"footnotes":""},"categories":[155],"tags":[],"class_list":["post-7835","post","type-post","status-publish","format-standard","has-post-thumbnail","hentry","category-edukacja"],"aioseo_notices":[],"_links":{"self":[{"href":"https:\/\/biurokarier.wsb.gorzow.pl\/index.php\/wp-json\/wp\/v2\/posts\/7835","targetHints":{"allow":["GET"]}}],"collection":[{"href":"https:\/\/biurokarier.wsb.gorzow.pl\/index.php\/wp-json\/wp\/v2\/posts"}],"about":[{"href":"https:\/\/biurokarier.wsb.gorzow.pl\/index.php\/wp-json\/wp\/v2\/types\/post"}],"author":[{"embeddable":true,"href":"https:\/\/biurokarier.wsb.gorzow.pl\/index.php\/wp-json\/wp\/v2\/users\/63"}],"replies":[{"embeddable":true,"href":"https:\/\/biurokarier.wsb.gorzow.pl\/index.php\/wp-json\/wp\/v2\/comments?post=7835"}],"version-history":[{"count":1,"href":"https:\/\/biurokarier.wsb.gorzow.pl\/index.php\/wp-json\/wp\/v2\/posts\/7835\/revisions"}],"predecessor-version":[{"id":7837,"href":"https:\/\/biurokarier.wsb.gorzow.pl\/index.php\/wp-json\/wp\/v2\/posts\/7835\/revisions\/7837"}],"wp:featuredmedia":[{"embeddable":true,"href":"https:\/\/biurokarier.wsb.gorzow.pl\/index.php\/wp-json\/wp\/v2\/media\/7836"}],"wp:attachment":[{"href":"https:\/\/biurokarier.wsb.gorzow.pl\/index.php\/wp-json\/wp\/v2\/media?parent=7835"}],"wp:term":[{"taxonomy":"category","embeddable":true,"href":"https:\/\/biurokarier.wsb.gorzow.pl\/index.php\/wp-json\/wp\/v2\/categories?post=7835"},{"taxonomy":"post_tag","embeddable":true,"href":"https:\/\/biurokarier.wsb.gorzow.pl\/index.php\/wp-json\/wp\/v2\/tags?post=7835"}],"curies":[{"name":"wp","href":"https:\/\/api.w.org\/{rel}","templated":true}]}}