{"id":7838,"date":"2024-11-21T14:23:39","date_gmt":"2024-11-21T13:23:39","guid":{"rendered":"https:\/\/biurokarier.wsb.gorzow.pl\/?p=7838"},"modified":"2024-12-05T01:24:29","modified_gmt":"2024-12-05T00:24:29","slug":"kurs-mediator-szkolny-opiekun-szkolnych-klubow-mediacji","status":"publish","type":"post","link":"https:\/\/biurokarier.wsb.gorzow.pl\/index.php\/2024\/11\/21\/kurs-mediator-szkolny-opiekun-szkolnych-klubow-mediacji\/","title":{"rendered":"Kurs MEDIATOR SZKOLNY \u2013 opiekun szkolnych klub\u00f3w mediacji"},"content":{"rendered":"<h3 data-swp-font-size=\"25px\"><span data-swp-font-size=\"25px\">NOWO\u015a\u0106! Kurs MEDIATOR SZKOLNY \u2013 opiekun szkolnych klub\u00f3w mediacji!<\/span><\/h3>\n<div class=\"porto-sicon-box wpb_custom_1efe903570d178ff0a9b7bfa5febd3a4 style_1 left-icon\" data-swp-font-size=\"14px\">\n<div class=\"porto-sicon-body\" data-swp-font-size=\"14px\">\n<div class=\"porto-sicon-description\" data-swp-font-size=\"14px\">Kurs jest odpowiedzi\u0105 na wprowadzany przez Lubuskiego Kuratora O\u015bwiaty w Gorzowie Wlkp. projekt \u201eMediacje s\u0105 OK!\u201d.<\/div>\n<div class=\"porto-sicon-description\" data-swp-font-size=\"14px\">Jest przeznaczony jest dla nauczycieli, pedagog\u00f3w, psycholog\u00f3w, pracownik\u00f3w szk\u00f3\u0142 i plac\u00f3wek o\u015bwiatowych \u2013 os\u00f3b zajmuj\u0105cych si\u0119 rozwi\u0105zywaniem konflikt\u00f3w na ka\u017cdym poziomie kszta\u0142cenia. Polecany jest w szczeg\u00f3lno\u015bci osobom przygotowuj\u0105cym si\u0119 do roli opiekun\u00f3w szkolnych klub\u00f3w mediacji.<\/div>\n<\/div>\n<\/div>\n<div class=\"porto-sicon-box wpb_custom_1efe903570d178ff0a9b7bfa5febd3a4 style_1 left-icon\" data-swp-font-size=\"14px\">\n<div class=\"porto-sicon-body\" data-swp-font-size=\"14px\">\n<div class=\"porto-sicon-header\" data-swp-font-size=\"14px\">\n<h4 class=\"porto-sicon-title\" data-swp-font-size=\"20px\"><strong>Korzy\u015bci z kursu:<\/strong><\/h4>\n<\/div>\n<div class=\"porto-sicon-description\" data-swp-font-size=\"14px\">\n<ul>\n<li data-swp-font-size=\"14px\">Prawo wpisu na list\u0119 mediator\u00f3w s\u0105dowych w S\u0105dzie Okr\u0119gowym \u2013 program obejmuje zagadnienia og\u00f3lne w wymaganej liczbie 40 h oraz zagadnienia specjalistyczne z zakresu mediacji szkolnych (20 h).<\/li>\n<li data-swp-font-size=\"14px\">Uczestnicy poznaj\u0105 szereg narz\u0119dzi wspomagaj\u0105cych prac\u0119 mediatora, w szczeg\u00f3lno\u015bci mediatora szkolnego.<\/li>\n<li data-swp-font-size=\"14px\">Absolwenci otrzymaj\u0105 komplet dokument\u00f3w przygotowanych do zorganizowania Szkolnego Klubu Mediacji oraz zapisy prawne do umieszczenia w regulaminie szko\u0142y \/ statucie.<\/li>\n<\/ul>\n<\/div>\n<\/div>\n<\/div>\n<h4 data-swp-font-size=\"20px\"><strong>Ramy programowe kursu:<\/strong><\/h4>\n<ul>\n<li data-swp-font-size=\"14px\">Wprowadzenie do mediacji \u2013 6 godz.<\/li>\n<li data-swp-font-size=\"14px\">Komunikacja interpersonalna jako \u017ar\u00f3d\u0142o dzia\u0142a\u0144 mediacyjnych \u2013 8 godz.<\/li>\n<li data-swp-font-size=\"14px\">Aspekty prawne i organizacyjne w mediacji \u2013 8 godz.<\/li>\n<li data-swp-font-size=\"14px\">Podstawy wiedzy psychologicznej o mechanizmach powstawania, eskalacji i rozwi\u0105zywania konflikt\u00f3w \u2013 6 godz.<\/li>\n<li data-swp-font-size=\"14px\">Trening umiej\u0119tno\u015bci praktycznych w zakresie mediacji\u00a0\u00a0 \u2013 prowadzenie wst\u0119pnych spotka\u0144 ze stronami \u2013 12 godz.<\/li>\n<li data-swp-font-size=\"14px\">Mediacje szkolne i r\u00f3wie\u015bnicze \u2013 p\u0142aszczyzny zastosowania mediacji szkolnej i r\u00f3wie\u015bniczej \u2013 10 godz.<\/li>\n<li data-swp-font-size=\"14px\">Szkolny Klub Mediacji \u2013 tworzenie podstaw funkcjonowania Szkolnego Klubu Mediacji (statut szko\u0142y lub plac\u00f3wki o\u015bwiatowej, regulamin) \u2013 3 godz.<\/li>\n<li data-swp-font-size=\"14px\">Praktyczne aspekty mediacji szkolnych \u2013 3 godz.<\/li>\n<li data-swp-font-size=\"14px\">Mediacja r\u00f3wie\u015bnicza jako element kultury szko\u0142y \u2013 4 godz.<\/li>\n<\/ul>\n<h4 data-swp-font-size=\"14px\"><strong>Szczeg\u00f3\u0142owy program<\/strong>:\u00a0<a href=\"https:\/\/www.wsb.gorzow.pl\/wspolpraca-i-uslugi\/szkolenia\/mediator-szkolny\/\">https:\/\/www.wsb.gorzow.pl\/wspolpraca-i-uslugi\/szkolenia\/mediator-szkolny\/<\/a><\/h4>\n<h4 data-swp-font-size=\"20px\"><strong>Czas trwania:<\/strong><\/h4>\n<p data-swp-font-size=\"14px\">60 godzin (ok. 8 dni).<\/p>\n<div class=\"porto-sicon-header\" data-swp-font-size=\"14px\">\n<h4 class=\"porto-sicon-title\" data-swp-font-size=\"20px\">Informacje i zapisy:<\/h4>\n<p data-swp-font-size=\"14px\">Centrum Kszta\u0142cenia Podyplomowego i Szkole\u0144 Wy\u017cszej Szko\u0142y Biznesu<br \/>\ntel.\u00a0733 744 711,\u00a095 733 66 68<br \/>\ne-mail:\u00a0podyplomowe@wsb.gorzow.pl<\/p>\n<p data-swp-font-size=\"14px\"><strong>Zapraszamy do zapis\u00f3w!<\/strong>\u00a0Rozpocz\u0119cie kursu po zebraniu wymaganej liczby os\u00f3b.<\/p>\n<\/div>\n","protected":false},"excerpt":{"rendered":"<p>NOWO\u015a\u0106! Kurs MEDIATOR SZKOLNY \u2013 opiekun szkolnych klub\u00f3w mediacji! Kurs jest odpowiedzi\u0105 na wprowadzany przez Lubuskiego Kuratora O\u015bwiaty w Gorzowie Wlkp. projekt \u201eMediacje s\u0105 OK!\u201d. Jest przeznaczony jest dla nauczycieli, pedagog\u00f3w, psycholog\u00f3w, pracownik\u00f3w szk\u00f3\u0142 i plac\u00f3wek o\u015bwiatowych \u2013 os\u00f3b zajmuj\u0105cych si\u0119 rozwi\u0105zywaniem konflikt\u00f3w na ka\u017cdym poziomie kszta\u0142cenia. Polecany jest w szczeg\u00f3lno\u015bci osobom przygotowuj\u0105cym si\u0119 do [&hellip;]<\/p>\n","protected":false},"author":63,"featured_media":7827,"comment_status":"open","ping_status":"open","sticky":false,"template":"","format":"standard","meta":{"inline_featured_image":false,"_mi_skip_tracking":false,"_monsterinsights_sitenote_active":false,"_monsterinsights_sitenote_note":"","_monsterinsights_sitenote_category":0,"footnotes":""},"categories":[155],"tags":[],"class_list":["post-7838","post","type-post","status-publish","format-standard","has-post-thumbnail","hentry","category-edukacja"],"aioseo_notices":[],"_links":{"self":[{"href":"https:\/\/biurokarier.wsb.gorzow.pl\/index.php\/wp-json\/wp\/v2\/posts\/7838","targetHints":{"allow":["GET"]}}],"collection":[{"href":"https:\/\/biurokarier.wsb.gorzow.pl\/index.php\/wp-json\/wp\/v2\/posts"}],"about":[{"href":"https:\/\/biurokarier.wsb.gorzow.pl\/index.php\/wp-json\/wp\/v2\/types\/post"}],"author":[{"embeddable":true,"href":"https:\/\/biurokarier.wsb.gorzow.pl\/index.php\/wp-json\/wp\/v2\/users\/63"}],"replies":[{"embeddable":true,"href":"https:\/\/biurokarier.wsb.gorzow.pl\/index.php\/wp-json\/wp\/v2\/comments?post=7838"}],"version-history":[{"count":1,"href":"https:\/\/biurokarier.wsb.gorzow.pl\/index.php\/wp-json\/wp\/v2\/posts\/7838\/revisions"}],"predecessor-version":[{"id":7839,"href":"https:\/\/biurokarier.wsb.gorzow.pl\/index.php\/wp-json\/wp\/v2\/posts\/7838\/revisions\/7839"}],"wp:featuredmedia":[{"embeddable":true,"href":"https:\/\/biurokarier.wsb.gorzow.pl\/index.php\/wp-json\/wp\/v2\/media\/7827"}],"wp:attachment":[{"href":"https:\/\/biurokarier.wsb.gorzow.pl\/index.php\/wp-json\/wp\/v2\/media?parent=7838"}],"wp:term":[{"taxonomy":"category","embeddable":true,"href":"https:\/\/biurokarier.wsb.gorzow.pl\/index.php\/wp-json\/wp\/v2\/categories?post=7838"},{"taxonomy":"post_tag","embeddable":true,"href":"https:\/\/biurokarier.wsb.gorzow.pl\/index.php\/wp-json\/wp\/v2\/tags?post=7838"}],"curies":[{"name":"wp","href":"https:\/\/api.w.org\/{rel}","templated":true}]}}