{"id":7840,"date":"2024-12-04T11:25:52","date_gmt":"2024-12-04T10:25:52","guid":{"rendered":"https:\/\/biurokarier.wsb.gorzow.pl\/?p=7840"},"modified":"2024-12-05T01:26:18","modified_gmt":"2024-12-05T00:26:18","slug":"swiateczna-paczka-2024","status":"publish","type":"post","link":"https:\/\/biurokarier.wsb.gorzow.pl\/index.php\/2024\/12\/04\/swiateczna-paczka-2024\/","title":{"rendered":"\u015awi\u0105teczna Paczka 2024"},"content":{"rendered":"<p data-swp-font-size=\"14px\">Od kilku lat nasza Uczelnia w\u0142\u0105cza si\u0119 w akcj\u0119 pomocy potrzebuj\u0105cym w okresie \u015awi\u0105t Bo\u017cego Narodzenia.<br \/>\nR\u00f3wnie\u017c w tym roku Samorz\u0105d Studencki WSB\u00a0przygotowuje paczki z darami dla rodzin obj\u0119tych opiek\u0105\u00a0<a href=\"https:\/\/gcprgorzow.pl\/\">Gorzowskiego Centrum Pomocy Rodzinie w Gorzowie Wlkp<\/a>.<\/p>\n<p data-swp-font-size=\"14px\">Dlatego w imieniu Samorz\u0105du zwracamy si\u0119 z gor\u0105c\u0105 pro\u015bb\u0105 do spo\u0142eczno\u015bci akademickiej naszej Uczelni o wsparcie tej pi\u0119knej \u015bwi\u0105tecznej inicjatywy.<\/p>\n<h4 data-swp-font-size=\"20px\"><strong>Pom\u00f3c mo\u017cna poprzez:<\/strong><\/h4>\n<ul>\n<li data-swp-font-size=\"14px\"><strong>wp\u0142at\u0119 na rachunek bankowy Samorz\u0105du Studenckiego<\/strong>:<\/li>\n<\/ul>\n<p data-swp-font-size=\"14px\"><span data-swp-font-size=\"14px\">Wy\u017csza Szko\u0142a Biznesu<\/span><br \/>\n<span data-swp-font-size=\"14px\">ul. Walczaka 25, 66-400 Gorz\u00f3w Wielkopolski<\/span><br \/>\nGBS Barlinek 31 8355 0009 0017 2752 2000 0006<\/p>\n<ul>\n<li data-swp-font-size=\"14px\"><strong>lub przekazanie dar\u00f3w rzeczowych<\/strong>.<\/li>\n<\/ul>\n<h4 data-swp-font-size=\"20px\"><strong>Informacja o rodzinach, kt\u00f3rym w tym roku pomagamy:<\/strong><\/h4>\n<ol>\n<li data-swp-font-size=\"14px\"><strong>Pani PAULINA i Pan IRENEUSZ<\/strong>\u00a0<strong>z czworgiem dzieci<\/strong>\u00a0(3-letnie bli\u017aniaki: dziewczynka i ch\u0142opiec oraz<br \/>\n2-letnie bli\u017aniaki: r\u00f3wnie\u017c dziewczynka i ch\u0142opiec).<br \/>\n<strong><em>Potrzeby:<\/em><\/strong><br \/>\n\u2022 p\u0142yn do prania i p\u0142yn do p\u0142ukania, szczoteczki i pasty do z\u0119b\u00f3w dla dzieci, p\u0142yn i szampon do k\u0105pieli dla dzieci i rodzic\u00f3w, poduszki dla dzieci;<br \/>\n\u2022 artyku\u0142y spo\u017cywcze np.: makarony, kasze, ry\u017c, d\u017cemy, mi\u00f3d, dania w s\u0142oiku, musy owocowe, s\u0142odycze dla dzieci, kawa, herbata, cukier, olej, budy\u0144\/kisiel.<\/li>\n<li data-swp-font-size=\"14px\"><strong>Pani MIROS\u0141AWA opiekuj\u0105ca si\u0119 40-letnim niepe\u0142nosprawnym synem oraz 15-letnim licealist\u0105<\/strong>.<br \/>\n<em><strong>Potrzeby:<\/strong><\/em><br \/>\n\u2022 proszek do prania, p\u0142yn do p\u0142ukania tkanin, pasta do z\u0119b\u00f3w, jednorazowe m\u0119skie maszynki do golenia, dezodorant m\u0119ski w sprayu, \u017cel pod prysznic damski i m\u0119ski, szampon przeciw\u0142upie\u017cowy, szampon do w\u0142os\u00f3w normalnych, krem NIVEA;<br \/>\n\u2022 kawa mielona, herbata owocowa i czarna, konserwy turystyczne, konserwy rybne, d\u017cem truskawkowy, czekolada mleczna, czekolada gorzka, ciastka, patelnia o \u015brednicy 28 cm.<\/li>\n<\/ol>\n<h4 data-swp-font-size=\"20px\"><strong>Akcja ze zbi\u00f3rk\u0105 dar\u00f3w oraz \u015brodk\u00f3w finansowych trwa\u00a0<u>do poniedzia\u0142ku 16 grudnia 2024 r.<\/u><\/strong><\/h4>\n<p data-swp-font-size=\"14px\">Mamy nadziej\u0119, \u017ce \u2013 jak w poprzednich latach \u2013 staniemy na wysoko\u015bci zadania i wesprzemy potrzebuj\u0105cych.\u00a0<strong>Liczymy na Wasz\u0105 pomoc i otwarte serca.<\/strong><\/p>\n<p data-swp-font-size=\"14px\">W imieniu Samorz\u0105du Studenckiego WSB z g\u00f3ry ogromnie dzi\u0119kujemy.<\/p>\n","protected":false},"excerpt":{"rendered":"<p>Od kilku lat nasza Uczelnia w\u0142\u0105cza si\u0119 w akcj\u0119 pomocy potrzebuj\u0105cym w okresie \u015awi\u0105t Bo\u017cego Narodzenia. R\u00f3wnie\u017c w tym roku Samorz\u0105d Studencki WSB\u00a0przygotowuje paczki z darami dla rodzin obj\u0119tych opiek\u0105\u00a0Gorzowskiego Centrum Pomocy Rodzinie w Gorzowie Wlkp. Dlatego w imieniu Samorz\u0105du zwracamy si\u0119 z gor\u0105c\u0105 pro\u015bb\u0105 do spo\u0142eczno\u015bci akademickiej naszej Uczelni o wsparcie tej pi\u0119knej \u015bwi\u0105tecznej [&hellip;]<\/p>\n","protected":false},"author":63,"featured_media":7826,"comment_status":"open","ping_status":"open","sticky":false,"template":"","format":"standard","meta":{"inline_featured_image":false,"_mi_skip_tracking":false,"_monsterinsights_sitenote_active":false,"_monsterinsights_sitenote_note":"","_monsterinsights_sitenote_category":0,"footnotes":""},"categories":[155],"tags":[],"class_list":["post-7840","post","type-post","status-publish","format-standard","has-post-thumbnail","hentry","category-edukacja"],"aioseo_notices":[],"_links":{"self":[{"href":"https:\/\/biurokarier.wsb.gorzow.pl\/index.php\/wp-json\/wp\/v2\/posts\/7840","targetHints":{"allow":["GET"]}}],"collection":[{"href":"https:\/\/biurokarier.wsb.gorzow.pl\/index.php\/wp-json\/wp\/v2\/posts"}],"about":[{"href":"https:\/\/biurokarier.wsb.gorzow.pl\/index.php\/wp-json\/wp\/v2\/types\/post"}],"author":[{"embeddable":true,"href":"https:\/\/biurokarier.wsb.gorzow.pl\/index.php\/wp-json\/wp\/v2\/users\/63"}],"replies":[{"embeddable":true,"href":"https:\/\/biurokarier.wsb.gorzow.pl\/index.php\/wp-json\/wp\/v2\/comments?post=7840"}],"version-history":[{"count":1,"href":"https:\/\/biurokarier.wsb.gorzow.pl\/index.php\/wp-json\/wp\/v2\/posts\/7840\/revisions"}],"predecessor-version":[{"id":7841,"href":"https:\/\/biurokarier.wsb.gorzow.pl\/index.php\/wp-json\/wp\/v2\/posts\/7840\/revisions\/7841"}],"wp:featuredmedia":[{"embeddable":true,"href":"https:\/\/biurokarier.wsb.gorzow.pl\/index.php\/wp-json\/wp\/v2\/media\/7826"}],"wp:attachment":[{"href":"https:\/\/biurokarier.wsb.gorzow.pl\/index.php\/wp-json\/wp\/v2\/media?parent=7840"}],"wp:term":[{"taxonomy":"category","embeddable":true,"href":"https:\/\/biurokarier.wsb.gorzow.pl\/index.php\/wp-json\/wp\/v2\/categories?post=7840"},{"taxonomy":"post_tag","embeddable":true,"href":"https:\/\/biurokarier.wsb.gorzow.pl\/index.php\/wp-json\/wp\/v2\/tags?post=7840"}],"curies":[{"name":"wp","href":"https:\/\/api.w.org\/{rel}","templated":true}]}}